{"id":52,"date":"2019-01-01T12:22:06","date_gmt":"2019-01-01T11:22:06","guid":{"rendered":"https:\/\/koepfweb.de\/en\/2019\/01\/01\/austellung-reisewelten-haellisch-fraenkisches-museum\/"},"modified":"2019-01-27T11:35:46","modified_gmt":"2019-01-27T10:35:46","slug":"exhibition-reisewelten-haellisch-fraenkisches-museum","status":"publish","type":"post","link":"https:\/\/koepf-photoart.de\/en\/exhibition-reisewelten-haellisch-fraenkisches-museum\/","title":{"rendered":"Exhibition Reisewelten H\u00e4llisch-Fr\u00e4nkisches Museum"},"content":{"rendered":"[et_pb_section bb_built=&#8221;1&#8243; specialty=&#8221;off&#8221; next_background_color=&#8221;#000000&#8243; _builder_version=&#8221;3.19.3&#8243; custom_padding=&#8221;0px|0px|0px|0px&#8221; disabled=&#8221;off&#8221; disabled_on=&#8221;off|off|&#8221; custom_margin=&#8221;0px||0px|&#8221; module_id=&#8221;new_logo&#8221; global_module=&#8221;4207&#8243;][et_pb_row global_parent=&#8221;4207&#8243; background_position=&#8221;top_left&#8221; background_repeat=&#8221;repeat&#8221; background_size=&#8221;initial&#8221; _builder_version=&#8221;3.19.1&#8243; module_alignment=&#8221;center&#8221; custom_padding=&#8221;0px|0px|40px|0px&#8221; border_width_bottom=&#8221;1px&#8221; border_color_bottom=&#8221;#d8d8d8&#8243; custom_margin=&#8221;0px||0px|&#8221;][et_pb_column type=&#8221;4_4&#8243;][et_pb_image admin_label=&#8221;Logo&#8221; global_parent=&#8221;4207&#8243; _builder_version=&#8221;3.19.3&#8243; src=&#8221;https:\/\/koepf-photoart.de\/en\/wp-content\/uploads\/sites\/3\/2019\/01\/Logo-AK.png&#8221; align=&#8221;center&#8221; custom_padding=&#8221;0px|0px|0px|0px&#8221; url=&#8221;https:\/\/koepf-photoart.de\/en\/&#8221; custom_margin=&#8221;0px||0px|&#8221; module_id=&#8221;logo-neu&#8221; \/][\/et_pb_column][\/et_pb_row][\/et_pb_section][et_pb_section bb_built=&#8221;1&#8243; prev_background_color=&#8221;#000000&#8243; next_background_color=&#8221;#000000&#8243; _builder_version=&#8221;3.18.2&#8243; custom_padding=&#8221;0px|0px|0px|&#8221;][et_pb_row _builder_version=&#8221;3.18.2&#8243; custom_css_main_element=&#8221;border-top: 1px solid #eee;&#8221; module_alignment=&#8221;center&#8221; custom_padding=&#8221;39px|0px|0px|&#8221;][et_pb_column type=&#8221;4_4&#8243;][et_pb_text admin_label=&#8221;Austellung Reisewelten H\u00e4llisch-Fr\u00e4nkisches Museum&#8221; _builder_version=&#8221;3.18.2&#8243; header_text_align=&#8221;center&#8221; custom_padding=&#8221;0px|0px|0px|&#8221; text_orientation=&#8221;center&#8221;]\n<h1>Austellung Reisewelten H\u00e4llisch-Fr\u00e4nkisches Museum<\/h1>\n<p>26. M\u00e4rz 2016 bis 22. Mai 2016<\/p>\n[\/et_pb_text][\/et_pb_column][\/et_pb_row][\/et_pb_section][et_pb_section bb_built=&#8221;1&#8243; specialty=&#8221;off&#8221; prev_background_color=&#8221;#000000&#8243; _builder_version=&#8221;3.18.2&#8243; custom_padding=&#8221;50px|0px|100px|0px&#8221;][et_pb_row _builder_version=&#8221;3.18.2&#8243; module_alignment=&#8221;center&#8221; custom_padding=&#8221;0px|0px|0px|&#8221;][et_pb_column type=&#8221;4_4&#8243;][et_pb_4divi_masonry_gallery admin_label=&#8221;Galerie&#8221; _builder_version=&#8221;3.19.4&#8243; gallery_responsive=&#8221;on&#8221; gallery_columns=&#8221;6&#8243; posts_number=&#8221;60&#8243; show_title_and_caption=&#8221;off&#8221; title_and_caption_position=&#8221;1&#8243; box_shadow_position_image=&#8221;outer&#8221; title_font_size_tablet=&#8221;51&#8243; title_line_height_tablet=&#8221;2&#8243; caption_font_size_tablet=&#8221;51&#8243; caption_line_height_tablet=&#8221;51&#8243; gallery_ids=&#8221;5888,5887,5886,5885,5884,5883,5882,5881,5880,5879,5878,5877,5876,5875,5874,5873,5872,5871,5870,5869,5868,5867,5866,5865,5864,5863,5862,5861,5860,5859,5858,5857,5856,5855,5854,5853,5852,5851,5850,5849,5848,5847,5846,5845,5844,5843,5842,5841,5840,5839,5838,5837,5836,5835,5834,5833,5832,5831,5830,5829,5828,5827,5826,5825,5824,5823,5822,5821,5820,5819,5818,5817,5816,5815,5814,5813,5812,5811,5810,5809,5808,5807,5806,5805,5804,5803,5802,5801,5800,5799,5798,5797,5796,5795,5794,5793,5792,5791,5790,5789,5788,5787,5786,5785,5784,5783,5782,5781,5780,5779,5778,5777,5776,5775,5774,5773,5772,5771&#8243; custom_padding=&#8221;0px|0px|0px|0px&#8221; gallery_orderby=&#8221;rand&#8221; \/][\/et_pb_column][\/et_pb_row][\/et_pb_section]","protected":false},"excerpt":{"rendered":"<p>Austellung Reisewelten H\u00e4llisch-Fr\u00e4nkisches Museum 26. M\u00e4rz 2016 bis 22. Mai 2016<\/p>\n","protected":false},"author":1,"featured_media":0,"comment_status":"closed","ping_status":"closed","sticky":false,"template":"","format":"standard","meta":{"_et_pb_use_builder":"on","_et_pb_old_content":"<p>[et_pb_section bb_built=\"1\" specialty=\"off\" next_background_color=\"#000000\" _builder_version=\"3.19.1\" custom_padding=\"0px|0px|0px|0px\" disabled=\"off\" disabled_on=\"off|off|\" custom_margin=\"0px||0px|\" module_id=\"new_logo\" global_module=\"926\"][et_pb_row global_parent=\"926\" background_position=\"top_left\" background_repeat=\"repeat\" background_size=\"initial\" _builder_version=\"3.19.1\" module_alignment=\"center\" custom_padding=\"0px|0px|40px|0px\" border_width_bottom=\"1px\" border_color_bottom=\"#d8d8d8\" custom_margin=\"0px||0px|\"][et_pb_column type=\"4_4\"][et_pb_image admin_label=\"Logo\" global_parent=\"926\" _builder_version=\"3.19\" src=\"https:\/\/koepf-photoart.de\/en\/wp-content\/uploads\/sites\/3\/2019\/01\/Logo-AK.png\" align=\"center\" custom_padding=\"0px|0px|0px|0px\" url=\"https:\/\/koepf-photoart.de\/\" custom_margin=\"0px||0px|\" module_id=\"logo-neu\" \/][\/et_pb_column][\/et_pb_row][\/et_pb_section][et_pb_section bb_built=\"1\" prev_background_color=\"#000000\" next_background_color=\"#000000\" _builder_version=\"3.18.2\" custom_padding=\"0px|0px|0px|\"][et_pb_row _builder_version=\"3.18.2\" custom_css_main_element=\"border-top: 1px solid #eee;\" module_alignment=\"center\" custom_padding=\"39px|0px|0px|\"][et_pb_column type=\"4_4\"][et_pb_text admin_label=\"Austellung Reisewelten H\u00e4llisch-Fr\u00e4nkisches Museum\" _builder_version=\"3.18.2\" header_text_align=\"center\" custom_padding=\"0px|0px|0px|\" text_orientation=\"center\"]<\/p><h1>Austellung Reisewelten H\u00e4llisch-Fr\u00e4nkisches Museum<\/h1><p>26. M\u00e4rz 2016 bis 22. Mai 2016<\/p><p>[\/et_pb_text][\/et_pb_column][\/et_pb_row][\/et_pb_section][et_pb_section bb_built=\"1\" specialty=\"off\" prev_background_color=\"#000000\" _builder_version=\"3.18.2\" custom_padding=\"50px|0px|100px|0px\"][et_pb_row _builder_version=\"3.18.2\" module_alignment=\"center\" custom_padding=\"0px|0px|0px|\"][et_pb_column type=\"4_4\"][et_pb_4divi_masonry_gallery admin_label=\"Galerie\" _builder_version=\"3.19.2\" gallery_responsive=\"on\" gallery_columns=\"6\" posts_number=\"60\" show_title_and_caption=\"off\" title_and_caption_position=\"1\" box_shadow_position_image=\"outer\" title_font_size_tablet=\"51\" title_line_height_tablet=\"2\" caption_font_size_tablet=\"51\" caption_line_height_tablet=\"51\" gallery_ids=\"2390,2389,2388,2387,2386,2385,2384,2383,2382,2381,2380,2379,2378,2377,2376,2375,2374,2373,2372,2371,2370,2369,2368,2367,2366,2365,2364,2363,2362,2361,2360,2359,2358,2356,2355,2354,2353,2352,2349,2348,2347,2346,2345,2344,2343,2342,2341,2340,2339,2338,2337,2336,2335,2334,2333,2332,2331,2330,2329,2328,2327,2326,2325,2324,2323,2322,2321,2320,2319,2318,2317,2316,2315,2314,2313,2312,2311,2310,2309,2308,2307,2306,2305,2304,2303,2302,2301,2300,2299,2298,2297,2296,2295,2294,2293,2292,2291,2290,2289,2288,2287,2286,2285,2284,2283,2282,2281,2280,2279,2278,2277,2276,2275,2274,2273\" custom_padding=\"0px|0px|0px|0px\" gallery_orderby=\"rand\" \/][\/et_pb_column][\/et_pb_row][\/et_pb_section]<\/p>","_et_gb_content_width":"","footnotes":""},"categories":[60],"tags":[],"class_list":["post-52","post","type-post","status-publish","format-standard","hentry","category-exhibition-gallary"],"_links":{"self":[{"href":"https:\/\/koepf-photoart.de\/en\/wp-json\/wp\/v2\/posts\/52","targetHints":{"allow":["GET"]}}],"collection":[{"href":"https:\/\/koepf-photoart.de\/en\/wp-json\/wp\/v2\/posts"}],"about":[{"href":"https:\/\/koepf-photoart.de\/en\/wp-json\/wp\/v2\/types\/post"}],"author":[{"embeddable":true,"href":"https:\/\/koepf-photoart.de\/en\/wp-json\/wp\/v2\/users\/1"}],"replies":[{"embeddable":true,"href":"https:\/\/koepf-photoart.de\/en\/wp-json\/wp\/v2\/comments?post=52"}],"version-history":[{"count":0,"href":"https:\/\/koepf-photoart.de\/en\/wp-json\/wp\/v2\/posts\/52\/revisions"}],"wp:attachment":[{"href":"https:\/\/koepf-photoart.de\/en\/wp-json\/wp\/v2\/media?parent=52"}],"wp:term":[{"taxonomy":"category","embeddable":true,"href":"https:\/\/koepf-photoart.de\/en\/wp-json\/wp\/v2\/categories?post=52"},{"taxonomy":"post_tag","embeddable":true,"href":"https:\/\/koepf-photoart.de\/en\/wp-json\/wp\/v2\/tags?post=52"}],"curies":[{"name":"wp","href":"https:\/\/api.w.org\/{rel}","templated":true}]}}